{"id":3435,"date":"2025-03-07T09:25:30","date_gmt":"2025-03-07T09:25:30","guid":{"rendered":"https:\/\/www.avvocato-reichel.com\/semplificazioni-nel-cambio-di-destinazione-duso-le-novita-del-decreto-salva-casa\/"},"modified":"2025-03-07T09:31:12","modified_gmt":"2025-03-07T09:31:12","slug":"semplificazioni-nel-cambio-di-destinazione-duso-le-novita-del-decreto-salva-casa","status":"publish","type":"post","link":"https:\/\/www.avvocato-reichel.com\/it\/semplificazioni-nel-cambio-di-destinazione-duso-le-novita-del-decreto-salva-casa\/","title":{"rendered":"Semplificazioni nel cambio di destinazione d\u2019uso: le novit\u00e0 del Decreto Salva Casa"},"content":{"rendered":"\n<h2 class=\"wp-block-heading\">Il Decreto \u201cSalva Casa\u201d (D.Lgs. n. 69\/2024, convertito con modificazioni dalla Legge n. 105\/2024) ha introdotto importanti semplificazioni per il cambio di destinazione d\u2019uso degli edifici. In particolare, \u00e8 stato modificato l&#8217;articolo 23-ter del Testo Unico delle Costruzioni (D.P.R. n. 380\/2001), che disciplina le variazioni di destinazione d&#8217;uso rilevanti ai fini urbanistici.<\/h2>\n\n<p>In base alla nuova normativa, il cambio di destinazione d&#8217;uso di una singola unit\u00e0 immobiliare senza interventi rientranti nella stessa categoria funzionale \u00e8 sempre consentito, purch\u00e9 nel rispetto della normativa di settore. Tuttavia, negli strumenti di pianificazione comunali possono essere stabilite condizioni particolari.<\/p>\n\n<p>L&#8217;articolo 23-ter stabilisce cinque categorie di funzioni:<\/p>\n\n<p>&#8211; Residenziale<\/p>\n\n<p>&#8211; Turistico<\/p>\n\n<p>&#8211; Industriale \/ Artigianale<\/p>\n\n<p>&#8211; Commerciale<\/p>\n\n<p>&#8211; Rurale<\/p>\n\n<p>Il cambio di destinazione d&#8217;uso segue queste regole principali:<\/p>\n\n<p>&#8211; \u00c8 sempre ammissibile all&#8217;interno della stessa categoria funzionale, poich\u00e9 gli usi sono considerati omogenei dal punto di vista urbanistico.<\/p>\n\n<p>&#8211; \u00c8 consentito il passaggio tra diverse categorie funzionali per le unit\u00e0 immobiliari ubicate in edifici ubicati nelle zone A (centro storico), B (aree parzialmente edificate) e C (zone di espansione urbana), come definite dal D.M. 1444\/1968. Anche in questo caso valgono le norme e le condizioni settoriali stabilite negli strumenti urbanistici.<\/p>\n\n<p>Le nuove disposizioni prevedono quanto segue:<\/p>\n\n<p>&#8211; Il cambio di destinazione d&#8217;uso all&#8217;interno della stessa categoria funzionale \u00e8 subordinato alla dichiarazione certificata di inizio attivit\u00e0 (SCIA).<\/p>\n\n<p>&#8211; Il passaggio tra diverse categorie funzionali richiede il permesso di costruire per le opere necessarie, ma nel caso di opere che richiedono il certificato di inizio attivit\u00e0 (CILA) resta applicabile la SCIA.<\/p>\n\n<p>Un aspetto innovativo riguarda le unit\u00e0 immobiliari ubicate al piano primo fuori terra o nei piani interrati. La normativa rimette la disciplina di tali casi alle leggi regionali, lasciando agli strumenti urbanistici comunali la facolt\u00e0 di determinare gli ambiti in cui trovano applicazione le disposizioni semplificate.<\/p>\n\n<p>Nonostante le semplificazioni introdotte a livello nazionale, occorre tenere conto delle leggi regionali e dei piani regolatori comunali, che possono prevedere condizioni pi\u00f9 restrittive. Ad esempio, per un cambio di destinazione d&#8217;uso da C 2 (magazzini e depositi) a A (appartamenti) in Toscana, \u00e8 necessario consultare il piano urbanistico del comune di Carmignano per verificare eventuali prescrizioni aggiuntive.<\/p>\n","protected":false},"excerpt":{"rendered":"<p>Il Decreto \u201cSalva Casa\u201d (D.Lgs. n. 69\/2024, convertito con modificazioni dalla Legge n. 105\/2024) ha introdotto importanti semplificazioni per il cambio di destinazione d\u2019uso degli edifici. In particolare, \u00e8 stato modificato l&#8217;articolo 23-ter del Testo Unico delle Costruzioni (D.P.R. n. 380\/2001), che disciplina le variazioni di destinazione d&#8217;uso rilevanti ai fini urbanistici. In base alla [&hellip;]<\/p>\n","protected":false},"author":3,"featured_media":2905,"comment_status":"closed","ping_status":"closed","sticky":false,"template":"","format":"standard","meta":{"footnotes":""},"categories":[71],"tags":[],"class_list":["post-3435","post","type-post","status-publish","format-standard","has-post-thumbnail","hentry","category-diritto-immobiliare","entry","has-media"],"yoast_head":"<!-- This site is optimized with the Yoast SEO plugin v27.4 - https:\/\/yoast.com\/product\/yoast-seo-wordpress\/ -->\n<title>Semplificazioni nel cambio di destinazione d\u2019uso: le novit\u00e0 del Decreto Salva Casa - Reichel Anwaltskanzlei<\/title>\n<meta name=\"robots\" content=\"index, follow, max-snippet:-1, max-image-preview:large, max-video-preview:-1\" \/>\n<link rel=\"canonical\" href=\"https:\/\/www.avvocato-reichel.com\/it\/semplificazioni-nel-cambio-di-destinazione-duso-le-novita-del-decreto-salva-casa\/\" \/>\n<meta property=\"og:locale\" content=\"it_IT\" \/>\n<meta property=\"og:type\" content=\"article\" \/>\n<meta property=\"og:title\" content=\"Semplificazioni nel cambio di destinazione d\u2019uso: le novit\u00e0 del Decreto Salva Casa - Reichel Anwaltskanzlei\" \/>\n<meta property=\"og:description\" content=\"Il Decreto \u201cSalva Casa\u201d (D.Lgs. n. 69\/2024, convertito con modificazioni dalla Legge n. 105\/2024) ha introdotto importanti semplificazioni per il cambio di destinazione d\u2019uso degli edifici. In particolare, \u00e8 stato modificato l&#8217;articolo 23-ter del Testo Unico delle Costruzioni (D.P.R. n. 380\/2001), che disciplina le variazioni di destinazione d&#8217;uso rilevanti ai fini urbanistici. In base alla [&hellip;]\" \/>\n<meta property=\"og:url\" content=\"https:\/\/www.avvocato-reichel.com\/it\/semplificazioni-nel-cambio-di-destinazione-duso-le-novita-del-decreto-salva-casa\/\" \/>\n<meta property=\"og:site_name\" content=\"Reichel Anwaltskanzlei\" \/>\n<meta property=\"article:published_time\" content=\"2025-03-07T09:25:30+00:00\" \/>\n<meta property=\"article:modified_time\" content=\"2025-03-07T09:31:12+00:00\" \/>\n<meta property=\"og:image\" content=\"https:\/\/www.avvocato-reichel.com\/wp-content\/uploads\/2024\/08\/Immobilienrecht-\u2013-Diritto-Immobiliare-credit-EE-Mortgages-2.jpg\" \/>\n\t<meta property=\"og:image:width\" content=\"1920\" \/>\n\t<meta property=\"og:image:height\" content=\"1282\" \/>\n\t<meta property=\"og:image:type\" content=\"image\/jpeg\" \/>\n<meta name=\"author\" content=\"Fabio Sandrini\" \/>\n<meta name=\"twitter:card\" content=\"summary_large_image\" \/>\n<meta name=\"twitter:label1\" content=\"Scritto da\" \/>\n\t<meta name=\"twitter:data1\" content=\"Fabio Sandrini\" \/>\n\t<meta name=\"twitter:label2\" content=\"Tempo di lettura stimato\" \/>\n\t<meta name=\"twitter:data2\" content=\"2 minuti\" \/>\n<script type=\"application\/ld+json\" class=\"yoast-schema-graph\">{\"@context\":\"https:\\\/\\\/schema.org\",\"@graph\":[{\"@type\":\"Article\",\"@id\":\"https:\\\/\\\/www.avvocato-reichel.com\\\/it\\\/semplificazioni-nel-cambio-di-destinazione-duso-le-novita-del-decreto-salva-casa\\\/#article\",\"isPartOf\":{\"@id\":\"https:\\\/\\\/www.avvocato-reichel.com\\\/it\\\/semplificazioni-nel-cambio-di-destinazione-duso-le-novita-del-decreto-salva-casa\\\/\"},\"author\":{\"name\":\"Fabio Sandrini\",\"@id\":\"https:\\\/\\\/www.avvocato-reichel.com\\\/#\\\/schema\\\/person\\\/e19cbeee05bd246e739b63473c833479\"},\"headline\":\"Semplificazioni nel cambio di destinazione d\u2019uso: le novit\u00e0 del Decreto Salva Casa\",\"datePublished\":\"2025-03-07T09:25:30+00:00\",\"dateModified\":\"2025-03-07T09:31:12+00:00\",\"mainEntityOfPage\":{\"@id\":\"https:\\\/\\\/www.avvocato-reichel.com\\\/it\\\/semplificazioni-nel-cambio-di-destinazione-duso-le-novita-del-decreto-salva-casa\\\/\"},\"wordCount\":373,\"publisher\":{\"@id\":\"https:\\\/\\\/www.avvocato-reichel.com\\\/#organization\"},\"image\":{\"@id\":\"https:\\\/\\\/www.avvocato-reichel.com\\\/it\\\/semplificazioni-nel-cambio-di-destinazione-duso-le-novita-del-decreto-salva-casa\\\/#primaryimage\"},\"thumbnailUrl\":\"https:\\\/\\\/www.avvocato-reichel.com\\\/wp-content\\\/uploads\\\/2024\\\/08\\\/Immobilienrecht-\u2013-Diritto-Immobiliare-credit-EE-Mortgages-2.jpg\",\"articleSection\":[\"Diritto Immobiliare\"],\"inLanguage\":\"it-IT\"},{\"@type\":\"WebPage\",\"@id\":\"https:\\\/\\\/www.avvocato-reichel.com\\\/it\\\/semplificazioni-nel-cambio-di-destinazione-duso-le-novita-del-decreto-salva-casa\\\/\",\"url\":\"https:\\\/\\\/www.avvocato-reichel.com\\\/it\\\/semplificazioni-nel-cambio-di-destinazione-duso-le-novita-del-decreto-salva-casa\\\/\",\"name\":\"Semplificazioni nel cambio di destinazione d\u2019uso: le novit\u00e0 del Decreto Salva Casa - Reichel Anwaltskanzlei\",\"isPartOf\":{\"@id\":\"https:\\\/\\\/www.avvocato-reichel.com\\\/#website\"},\"primaryImageOfPage\":{\"@id\":\"https:\\\/\\\/www.avvocato-reichel.com\\\/it\\\/semplificazioni-nel-cambio-di-destinazione-duso-le-novita-del-decreto-salva-casa\\\/#primaryimage\"},\"image\":{\"@id\":\"https:\\\/\\\/www.avvocato-reichel.com\\\/it\\\/semplificazioni-nel-cambio-di-destinazione-duso-le-novita-del-decreto-salva-casa\\\/#primaryimage\"},\"thumbnailUrl\":\"https:\\\/\\\/www.avvocato-reichel.com\\\/wp-content\\\/uploads\\\/2024\\\/08\\\/Immobilienrecht-\u2013-Diritto-Immobiliare-credit-EE-Mortgages-2.jpg\",\"datePublished\":\"2025-03-07T09:25:30+00:00\",\"dateModified\":\"2025-03-07T09:31:12+00:00\",\"breadcrumb\":{\"@id\":\"https:\\\/\\\/www.avvocato-reichel.com\\\/it\\\/semplificazioni-nel-cambio-di-destinazione-duso-le-novita-del-decreto-salva-casa\\\/#breadcrumb\"},\"inLanguage\":\"it-IT\",\"potentialAction\":[{\"@type\":\"ReadAction\",\"target\":[\"https:\\\/\\\/www.avvocato-reichel.com\\\/it\\\/semplificazioni-nel-cambio-di-destinazione-duso-le-novita-del-decreto-salva-casa\\\/\"]}]},{\"@type\":\"ImageObject\",\"inLanguage\":\"it-IT\",\"@id\":\"https:\\\/\\\/www.avvocato-reichel.com\\\/it\\\/semplificazioni-nel-cambio-di-destinazione-duso-le-novita-del-decreto-salva-casa\\\/#primaryimage\",\"url\":\"https:\\\/\\\/www.avvocato-reichel.com\\\/wp-content\\\/uploads\\\/2024\\\/08\\\/Immobilienrecht-\u2013-Diritto-Immobiliare-credit-EE-Mortgages-2.jpg\",\"contentUrl\":\"https:\\\/\\\/www.avvocato-reichel.com\\\/wp-content\\\/uploads\\\/2024\\\/08\\\/Immobilienrecht-\u2013-Diritto-Immobiliare-credit-EE-Mortgages-2.jpg\",\"width\":1920,\"height\":1282,\"caption\":\"Immobilienrecht \u2013 Diritto Immobiliare credit EE Mortgages (2)\"},{\"@type\":\"BreadcrumbList\",\"@id\":\"https:\\\/\\\/www.avvocato-reichel.com\\\/it\\\/semplificazioni-nel-cambio-di-destinazione-duso-le-novita-del-decreto-salva-casa\\\/#breadcrumb\",\"itemListElement\":[{\"@type\":\"ListItem\",\"position\":1,\"name\":\"Home\",\"item\":\"https:\\\/\\\/www.avvocato-reichel.com\\\/\"},{\"@type\":\"ListItem\",\"position\":2,\"name\":\"Semplificazioni nel cambio di destinazione d\u2019uso: le novit\u00e0 del Decreto Salva Casa\"}]},{\"@type\":\"WebSite\",\"@id\":\"https:\\\/\\\/www.avvocato-reichel.com\\\/#website\",\"url\":\"https:\\\/\\\/www.avvocato-reichel.com\\\/\",\"name\":\"Reichel Anwaltskanzlei\",\"description\":\"\",\"publisher\":{\"@id\":\"https:\\\/\\\/www.avvocato-reichel.com\\\/#organization\"},\"potentialAction\":[{\"@type\":\"SearchAction\",\"target\":{\"@type\":\"EntryPoint\",\"urlTemplate\":\"https:\\\/\\\/www.avvocato-reichel.com\\\/?s={search_term_string}\"},\"query-input\":{\"@type\":\"PropertyValueSpecification\",\"valueRequired\":true,\"valueName\":\"search_term_string\"}}],\"inLanguage\":\"it-IT\"},{\"@type\":\"Organization\",\"@id\":\"https:\\\/\\\/www.avvocato-reichel.com\\\/#organization\",\"name\":\"Reichel Anwaltskanzlei\",\"url\":\"https:\\\/\\\/www.avvocato-reichel.com\\\/\",\"logo\":{\"@type\":\"ImageObject\",\"inLanguage\":\"it-IT\",\"@id\":\"https:\\\/\\\/www.avvocato-reichel.com\\\/#\\\/schema\\\/logo\\\/image\\\/\",\"url\":\"https:\\\/\\\/www.avvocato-reichel.com\\\/wp-content\\\/uploads\\\/2024\\\/08\\\/logo_avvReichel_italiano_1.png\",\"contentUrl\":\"https:\\\/\\\/www.avvocato-reichel.com\\\/wp-content\\\/uploads\\\/2024\\\/08\\\/logo_avvReichel_italiano_1.png\",\"width\":243,\"height\":105,\"caption\":\"Reichel Anwaltskanzlei\"},\"image\":{\"@id\":\"https:\\\/\\\/www.avvocato-reichel.com\\\/#\\\/schema\\\/logo\\\/image\\\/\"}},{\"@type\":\"Person\",\"@id\":\"https:\\\/\\\/www.avvocato-reichel.com\\\/#\\\/schema\\\/person\\\/e19cbeee05bd246e739b63473c833479\",\"name\":\"Fabio Sandrini\",\"sameAs\":[\"http:\\\/\\\/www.sandrinifabio.it\"],\"url\":\"https:\\\/\\\/www.avvocato-reichel.com\\\/it\\\/author\\\/fabioskisandrini91\\\/\"}]}<\/script>\n<!-- \/ Yoast SEO plugin. -->","yoast_head_json":{"title":"Semplificazioni nel cambio di destinazione d\u2019uso: le novit\u00e0 del Decreto Salva Casa - Reichel Anwaltskanzlei","robots":{"index":"index","follow":"follow","max-snippet":"max-snippet:-1","max-image-preview":"max-image-preview:large","max-video-preview":"max-video-preview:-1"},"canonical":"https:\/\/www.avvocato-reichel.com\/it\/semplificazioni-nel-cambio-di-destinazione-duso-le-novita-del-decreto-salva-casa\/","og_locale":"it_IT","og_type":"article","og_title":"Semplificazioni nel cambio di destinazione d\u2019uso: le novit\u00e0 del Decreto Salva Casa - Reichel Anwaltskanzlei","og_description":"Il Decreto \u201cSalva Casa\u201d (D.Lgs. n. 69\/2024, convertito con modificazioni dalla Legge n. 105\/2024) ha introdotto importanti semplificazioni per il cambio di destinazione d\u2019uso degli edifici. In particolare, \u00e8 stato modificato l&#8217;articolo 23-ter del Testo Unico delle Costruzioni (D.P.R. n. 380\/2001), che disciplina le variazioni di destinazione d&#8217;uso rilevanti ai fini urbanistici. In base alla [&hellip;]","og_url":"https:\/\/www.avvocato-reichel.com\/it\/semplificazioni-nel-cambio-di-destinazione-duso-le-novita-del-decreto-salva-casa\/","og_site_name":"Reichel Anwaltskanzlei","article_published_time":"2025-03-07T09:25:30+00:00","article_modified_time":"2025-03-07T09:31:12+00:00","og_image":[{"width":1920,"height":1282,"url":"https:\/\/www.avvocato-reichel.com\/wp-content\/uploads\/2024\/08\/Immobilienrecht-\u2013-Diritto-Immobiliare-credit-EE-Mortgages-2.jpg","type":"image\/jpeg"}],"author":"Fabio Sandrini","twitter_card":"summary_large_image","twitter_misc":{"Scritto da":"Fabio Sandrini","Tempo di lettura stimato":"2 minuti"},"schema":{"@context":"https:\/\/schema.org","@graph":[{"@type":"Article","@id":"https:\/\/www.avvocato-reichel.com\/it\/semplificazioni-nel-cambio-di-destinazione-duso-le-novita-del-decreto-salva-casa\/#article","isPartOf":{"@id":"https:\/\/www.avvocato-reichel.com\/it\/semplificazioni-nel-cambio-di-destinazione-duso-le-novita-del-decreto-salva-casa\/"},"author":{"name":"Fabio Sandrini","@id":"https:\/\/www.avvocato-reichel.com\/#\/schema\/person\/e19cbeee05bd246e739b63473c833479"},"headline":"Semplificazioni nel cambio di destinazione d\u2019uso: le novit\u00e0 del Decreto Salva Casa","datePublished":"2025-03-07T09:25:30+00:00","dateModified":"2025-03-07T09:31:12+00:00","mainEntityOfPage":{"@id":"https:\/\/www.avvocato-reichel.com\/it\/semplificazioni-nel-cambio-di-destinazione-duso-le-novita-del-decreto-salva-casa\/"},"wordCount":373,"publisher":{"@id":"https:\/\/www.avvocato-reichel.com\/#organization"},"image":{"@id":"https:\/\/www.avvocato-reichel.com\/it\/semplificazioni-nel-cambio-di-destinazione-duso-le-novita-del-decreto-salva-casa\/#primaryimage"},"thumbnailUrl":"https:\/\/www.avvocato-reichel.com\/wp-content\/uploads\/2024\/08\/Immobilienrecht-\u2013-Diritto-Immobiliare-credit-EE-Mortgages-2.jpg","articleSection":["Diritto Immobiliare"],"inLanguage":"it-IT"},{"@type":"WebPage","@id":"https:\/\/www.avvocato-reichel.com\/it\/semplificazioni-nel-cambio-di-destinazione-duso-le-novita-del-decreto-salva-casa\/","url":"https:\/\/www.avvocato-reichel.com\/it\/semplificazioni-nel-cambio-di-destinazione-duso-le-novita-del-decreto-salva-casa\/","name":"Semplificazioni nel cambio di destinazione d\u2019uso: le novit\u00e0 del Decreto Salva Casa - Reichel Anwaltskanzlei","isPartOf":{"@id":"https:\/\/www.avvocato-reichel.com\/#website"},"primaryImageOfPage":{"@id":"https:\/\/www.avvocato-reichel.com\/it\/semplificazioni-nel-cambio-di-destinazione-duso-le-novita-del-decreto-salva-casa\/#primaryimage"},"image":{"@id":"https:\/\/www.avvocato-reichel.com\/it\/semplificazioni-nel-cambio-di-destinazione-duso-le-novita-del-decreto-salva-casa\/#primaryimage"},"thumbnailUrl":"https:\/\/www.avvocato-reichel.com\/wp-content\/uploads\/2024\/08\/Immobilienrecht-\u2013-Diritto-Immobiliare-credit-EE-Mortgages-2.jpg","datePublished":"2025-03-07T09:25:30+00:00","dateModified":"2025-03-07T09:31:12+00:00","breadcrumb":{"@id":"https:\/\/www.avvocato-reichel.com\/it\/semplificazioni-nel-cambio-di-destinazione-duso-le-novita-del-decreto-salva-casa\/#breadcrumb"},"inLanguage":"it-IT","potentialAction":[{"@type":"ReadAction","target":["https:\/\/www.avvocato-reichel.com\/it\/semplificazioni-nel-cambio-di-destinazione-duso-le-novita-del-decreto-salva-casa\/"]}]},{"@type":"ImageObject","inLanguage":"it-IT","@id":"https:\/\/www.avvocato-reichel.com\/it\/semplificazioni-nel-cambio-di-destinazione-duso-le-novita-del-decreto-salva-casa\/#primaryimage","url":"https:\/\/www.avvocato-reichel.com\/wp-content\/uploads\/2024\/08\/Immobilienrecht-\u2013-Diritto-Immobiliare-credit-EE-Mortgages-2.jpg","contentUrl":"https:\/\/www.avvocato-reichel.com\/wp-content\/uploads\/2024\/08\/Immobilienrecht-\u2013-Diritto-Immobiliare-credit-EE-Mortgages-2.jpg","width":1920,"height":1282,"caption":"Immobilienrecht \u2013 Diritto Immobiliare credit EE Mortgages (2)"},{"@type":"BreadcrumbList","@id":"https:\/\/www.avvocato-reichel.com\/it\/semplificazioni-nel-cambio-di-destinazione-duso-le-novita-del-decreto-salva-casa\/#breadcrumb","itemListElement":[{"@type":"ListItem","position":1,"name":"Home","item":"https:\/\/www.avvocato-reichel.com\/"},{"@type":"ListItem","position":2,"name":"Semplificazioni nel cambio di destinazione d\u2019uso: le novit\u00e0 del Decreto Salva Casa"}]},{"@type":"WebSite","@id":"https:\/\/www.avvocato-reichel.com\/#website","url":"https:\/\/www.avvocato-reichel.com\/","name":"Reichel Anwaltskanzlei","description":"","publisher":{"@id":"https:\/\/www.avvocato-reichel.com\/#organization"},"potentialAction":[{"@type":"SearchAction","target":{"@type":"EntryPoint","urlTemplate":"https:\/\/www.avvocato-reichel.com\/?s={search_term_string}"},"query-input":{"@type":"PropertyValueSpecification","valueRequired":true,"valueName":"search_term_string"}}],"inLanguage":"it-IT"},{"@type":"Organization","@id":"https:\/\/www.avvocato-reichel.com\/#organization","name":"Reichel Anwaltskanzlei","url":"https:\/\/www.avvocato-reichel.com\/","logo":{"@type":"ImageObject","inLanguage":"it-IT","@id":"https:\/\/www.avvocato-reichel.com\/#\/schema\/logo\/image\/","url":"https:\/\/www.avvocato-reichel.com\/wp-content\/uploads\/2024\/08\/logo_avvReichel_italiano_1.png","contentUrl":"https:\/\/www.avvocato-reichel.com\/wp-content\/uploads\/2024\/08\/logo_avvReichel_italiano_1.png","width":243,"height":105,"caption":"Reichel Anwaltskanzlei"},"image":{"@id":"https:\/\/www.avvocato-reichel.com\/#\/schema\/logo\/image\/"}},{"@type":"Person","@id":"https:\/\/www.avvocato-reichel.com\/#\/schema\/person\/e19cbeee05bd246e739b63473c833479","name":"Fabio Sandrini","sameAs":["http:\/\/www.sandrinifabio.it"],"url":"https:\/\/www.avvocato-reichel.com\/it\/author\/fabioskisandrini91\/"}]}},"_links":{"self":[{"href":"https:\/\/www.avvocato-reichel.com\/it\/wp-json\/wp\/v2\/posts\/3435","targetHints":{"allow":["GET"]}}],"collection":[{"href":"https:\/\/www.avvocato-reichel.com\/it\/wp-json\/wp\/v2\/posts"}],"about":[{"href":"https:\/\/www.avvocato-reichel.com\/it\/wp-json\/wp\/v2\/types\/post"}],"author":[{"embeddable":true,"href":"https:\/\/www.avvocato-reichel.com\/it\/wp-json\/wp\/v2\/users\/3"}],"replies":[{"embeddable":true,"href":"https:\/\/www.avvocato-reichel.com\/it\/wp-json\/wp\/v2\/comments?post=3435"}],"version-history":[{"count":1,"href":"https:\/\/www.avvocato-reichel.com\/it\/wp-json\/wp\/v2\/posts\/3435\/revisions"}],"predecessor-version":[{"id":3436,"href":"https:\/\/www.avvocato-reichel.com\/it\/wp-json\/wp\/v2\/posts\/3435\/revisions\/3436"}],"wp:featuredmedia":[{"embeddable":true,"href":"https:\/\/www.avvocato-reichel.com\/it\/wp-json\/wp\/v2\/media\/2905"}],"wp:attachment":[{"href":"https:\/\/www.avvocato-reichel.com\/it\/wp-json\/wp\/v2\/media?parent=3435"}],"wp:term":[{"taxonomy":"category","embeddable":true,"href":"https:\/\/www.avvocato-reichel.com\/it\/wp-json\/wp\/v2\/categories?post=3435"},{"taxonomy":"post_tag","embeddable":true,"href":"https:\/\/www.avvocato-reichel.com\/it\/wp-json\/wp\/v2\/tags?post=3435"}],"curies":[{"name":"wp","href":"https:\/\/api.w.org\/{rel}","templated":true}]}}