{"id":3475,"date":"2025-05-26T11:39:03","date_gmt":"2025-05-26T11:39:03","guid":{"rendered":"https:\/\/www.avvocato-reichel.com\/?p=3475"},"modified":"2025-05-26T11:42:34","modified_gmt":"2025-05-26T11:42:34","slug":"la-responsabilita-penale-degli-amministratori-di-societa","status":"publish","type":"post","link":"https:\/\/www.avvocato-reichel.com\/it\/la-responsabilita-penale-degli-amministratori-di-societa\/","title":{"rendered":"La Responsabilit\u00e0 penale degli Amministratori di Societ\u00e0"},"content":{"rendered":"\n<h2 class=\"wp-block-heading\">In generale, gli amministratori delle societ\u00e0 sono responsabili penalmente se, nell&#8217;esercizio delle loro funzioni, commettono reati (i pi\u00f9 comuni: frode, corruzione, reati fiscali o altri illeciti previsti dalla legge). Tuttavia, la responsabilit\u00e0 penale si configura solo se si dimostra che l&#8217;amministratore ha agito con dolo o colpa grave, e che il reato \u00e8 stato commesso nell&#8217;interesse o a vantaggio della societ\u00e0. \u00c8 importante sottolineare che la responsabilit\u00e0 penale \u00e8 personale, quindi ogni amministratore risponde per i propri atti, anche se agisce nell&#8217;interesse della societ\u00e0.<\/h2>\n\n\n<div class=\"wp-block-image\">\n<figure class=\"aligncenter size-large\"><img fetchpriority=\"high\" decoding=\"async\" width=\"1024\" height=\"683\" src=\"https:\/\/www.avvocato-reichel.com\/wp-content\/uploads\/2014\/12\/Insolvenzrecht-diritto-fallimentare-1-1024x683.jpg\" alt=\"Insolvenzrecht - diritto fallimentare\" class=\"wp-image-2191\" srcset=\"https:\/\/www.avvocato-reichel.com\/wp-content\/uploads\/2014\/12\/Insolvenzrecht-diritto-fallimentare-1-1024x683.jpg 1024w, https:\/\/www.avvocato-reichel.com\/wp-content\/uploads\/2014\/12\/Insolvenzrecht-diritto-fallimentare-1-300x200.jpg 300w, https:\/\/www.avvocato-reichel.com\/wp-content\/uploads\/2014\/12\/Insolvenzrecht-diritto-fallimentare-1-768x512.jpg 768w, https:\/\/www.avvocato-reichel.com\/wp-content\/uploads\/2014\/12\/Insolvenzrecht-diritto-fallimentare-1-1536x1024.jpg 1536w, https:\/\/www.avvocato-reichel.com\/wp-content\/uploads\/2014\/12\/Insolvenzrecht-diritto-fallimentare-1.jpg 1920w\" sizes=\"(max-width: 1024px) 100vw, 1024px\" \/><\/figure>\n<\/div>\n\n\n<p>A volte, alcune persone vengono utilizzate come facciata o intermediari per nascondere la vera identit\u00e0 di chi controlla o gestisce una societ\u00e0 o un&#8217;attivit\u00e0 (c.d. &#8220;teste di legno&#8221;): in pratica, sono figure che appaiono come amministratori o soci, ma in realt\u00e0 non hanno un reale potere decisionale o interesse diretto nella gestione. Questo stratagemma viene spesso usato per nascondere attivit\u00e0 illecite, evitare responsabilit\u00e0 o eludere controlli fiscali e legali.<\/p>\n\n\n\n<p>Dal punto di vista legale, le \u201cteste di legno\u201d possono essere complici, anche inconsapevoli, di reati e in alcuni casi possono essere ritenute responsabili se si dimostra che hanno agito consapevolmente per nascondere attivit\u00e0 illecite. La legge, infatti, tende a colpire chi si presta a questi ruoli fittizi per evitare responsabilit\u00e0 o per scopi illeciti.<\/p>\n\n\n\n<p>La situazione \u00e8 rischiosa soprattutto nelle ipotesi di bancarotta e bancarotta fraudolenta. La bancarotta si verifica quando un&#8217;azienda non riesce pi\u00f9 a pagare i propri debiti, entrando in una situazione di insolvenza. La bancarotta fraudolenta, invece, \u00e8 un reato pi\u00f9 grave: si verifica quando gli amministratori o i dirigenti dell&#8217;azienda compiono azioni dolose per nascondere o dissipare il patrimonio, con l&#8217;intento di frodare i creditori o di ostacolare il fallimento.<\/p>\n\n\n\n<p>Gli amministratori hanno un ruolo fondamentale in queste dinamiche. Devono gestire l&#8217;azienda con diligenza e trasparenza, tutelando gli interessi dei creditori e rispettando le norme di legge. Tuttavia, se si comportano in modo fraudolento, ad esempio falsificando documenti, nascondendo beni o dissanguando l&#8217;azienda, possono essere ritenuti responsabili di bancarotta fraudolenta. In questi casi, rischiano sanzioni penali e civili, e il loro comportamento pu\u00f2 compromettere gravemente la stabilit\u00e0 dell&#8217;impresa e la tutela dei creditori.<\/p>\n\n\n\n<p class=\"has-text-align-right\"><strong><em>Avv. Doris Reichel<\/em><\/strong><\/p>\n","protected":false},"excerpt":{"rendered":"<p>In generale, gli amministratori delle societ\u00e0 sono responsabili penalmente se, nell&#8217;esercizio delle loro funzioni, commettono reati (i pi\u00f9 comuni: frode, corruzione, reati fiscali o altri illeciti previsti dalla legge). Tuttavia, la responsabilit\u00e0 penale si configura solo se si dimostra che l&#8217;amministratore ha agito con dolo o colpa grave, e che il reato \u00e8 stato commesso [&hellip;]<\/p>\n","protected":false},"author":3,"featured_media":1896,"comment_status":"closed","ping_status":"closed","sticky":false,"template":"","format":"standard","meta":{"footnotes":""},"categories":[72,69],"tags":[],"class_list":["post-3475","post","type-post","status-publish","format-standard","has-post-thumbnail","hentry","category-diritto-fallimentare","category-diritto-societario","entry","has-media"],"yoast_head":"<!-- This site is optimized with the Yoast SEO plugin v27.5 - https:\/\/yoast.com\/product\/yoast-seo-wordpress\/ -->\n<title>La Responsabilit\u00e0 penale degli Amministratori di Societ\u00e0 - Reichel Anwaltskanzlei<\/title>\n<meta name=\"robots\" content=\"index, follow, max-snippet:-1, max-image-preview:large, max-video-preview:-1\" \/>\n<link rel=\"canonical\" href=\"https:\/\/www.avvocato-reichel.com\/it\/la-responsabilita-penale-degli-amministratori-di-societa\/\" \/>\n<meta property=\"og:locale\" content=\"it_IT\" \/>\n<meta property=\"og:type\" content=\"article\" \/>\n<meta property=\"og:title\" content=\"La Responsabilit\u00e0 penale degli Amministratori di Societ\u00e0 - Reichel Anwaltskanzlei\" \/>\n<meta property=\"og:description\" content=\"In generale, gli amministratori delle societ\u00e0 sono responsabili penalmente se, nell&#8217;esercizio delle loro funzioni, commettono reati (i pi\u00f9 comuni: frode, corruzione, reati fiscali o altri illeciti previsti dalla legge). Tuttavia, la responsabilit\u00e0 penale si configura solo se si dimostra che l&#8217;amministratore ha agito con dolo o colpa grave, e che il reato \u00e8 stato commesso [&hellip;]\" \/>\n<meta property=\"og:url\" content=\"https:\/\/www.avvocato-reichel.com\/it\/la-responsabilita-penale-degli-amministratori-di-societa\/\" \/>\n<meta property=\"og:site_name\" content=\"Reichel Anwaltskanzlei\" \/>\n<meta property=\"article:published_time\" content=\"2025-05-26T11:39:03+00:00\" \/>\n<meta property=\"article:modified_time\" content=\"2025-05-26T11:42:34+00:00\" \/>\n<meta property=\"og:image\" content=\"https:\/\/www.avvocato-reichel.com\/wp-content\/uploads\/2019\/05\/header_wersindwir.jpg\" \/>\n\t<meta property=\"og:image:width\" content=\"2000\" \/>\n\t<meta property=\"og:image:height\" content=\"1341\" \/>\n\t<meta property=\"og:image:type\" content=\"image\/jpeg\" \/>\n<meta name=\"author\" content=\"Fabio Sandrini\" \/>\n<meta name=\"twitter:card\" content=\"summary_large_image\" \/>\n<meta name=\"twitter:label1\" content=\"Scritto da\" \/>\n\t<meta name=\"twitter:data1\" content=\"Fabio Sandrini\" \/>\n\t<meta name=\"twitter:label2\" content=\"Tempo di lettura stimato\" \/>\n\t<meta name=\"twitter:data2\" content=\"3 minuti\" \/>\n<script type=\"application\/ld+json\" class=\"yoast-schema-graph\">{\"@context\":\"https:\\\/\\\/schema.org\",\"@graph\":[{\"@type\":\"Article\",\"@id\":\"https:\\\/\\\/www.avvocato-reichel.com\\\/it\\\/la-responsabilita-penale-degli-amministratori-di-societa\\\/#article\",\"isPartOf\":{\"@id\":\"https:\\\/\\\/www.avvocato-reichel.com\\\/it\\\/la-responsabilita-penale-degli-amministratori-di-societa\\\/\"},\"author\":{\"name\":\"Fabio Sandrini\",\"@id\":\"https:\\\/\\\/www.avvocato-reichel.com\\\/#\\\/schema\\\/person\\\/e19cbeee05bd246e739b63473c833479\"},\"headline\":\"La Responsabilit\u00e0 penale degli Amministratori di Societ\u00e0\",\"datePublished\":\"2025-05-26T11:39:03+00:00\",\"dateModified\":\"2025-05-26T11:42:34+00:00\",\"mainEntityOfPage\":{\"@id\":\"https:\\\/\\\/www.avvocato-reichel.com\\\/it\\\/la-responsabilita-penale-degli-amministratori-di-societa\\\/\"},\"wordCount\":368,\"publisher\":{\"@id\":\"https:\\\/\\\/www.avvocato-reichel.com\\\/#organization\"},\"image\":{\"@id\":\"https:\\\/\\\/www.avvocato-reichel.com\\\/it\\\/la-responsabilita-penale-degli-amministratori-di-societa\\\/#primaryimage\"},\"thumbnailUrl\":\"https:\\\/\\\/www.avvocato-reichel.com\\\/wp-content\\\/uploads\\\/2019\\\/05\\\/header_wersindwir.jpg\",\"articleSection\":[\"Diritto Fallimentare\",\"Diritto Societario\"],\"inLanguage\":\"it-IT\"},{\"@type\":\"WebPage\",\"@id\":\"https:\\\/\\\/www.avvocato-reichel.com\\\/it\\\/la-responsabilita-penale-degli-amministratori-di-societa\\\/\",\"url\":\"https:\\\/\\\/www.avvocato-reichel.com\\\/it\\\/la-responsabilita-penale-degli-amministratori-di-societa\\\/\",\"name\":\"La Responsabilit\u00e0 penale degli Amministratori di Societ\u00e0 - Reichel Anwaltskanzlei\",\"isPartOf\":{\"@id\":\"https:\\\/\\\/www.avvocato-reichel.com\\\/#website\"},\"primaryImageOfPage\":{\"@id\":\"https:\\\/\\\/www.avvocato-reichel.com\\\/it\\\/la-responsabilita-penale-degli-amministratori-di-societa\\\/#primaryimage\"},\"image\":{\"@id\":\"https:\\\/\\\/www.avvocato-reichel.com\\\/it\\\/la-responsabilita-penale-degli-amministratori-di-societa\\\/#primaryimage\"},\"thumbnailUrl\":\"https:\\\/\\\/www.avvocato-reichel.com\\\/wp-content\\\/uploads\\\/2019\\\/05\\\/header_wersindwir.jpg\",\"datePublished\":\"2025-05-26T11:39:03+00:00\",\"dateModified\":\"2025-05-26T11:42:34+00:00\",\"breadcrumb\":{\"@id\":\"https:\\\/\\\/www.avvocato-reichel.com\\\/it\\\/la-responsabilita-penale-degli-amministratori-di-societa\\\/#breadcrumb\"},\"inLanguage\":\"it-IT\",\"potentialAction\":[{\"@type\":\"ReadAction\",\"target\":[\"https:\\\/\\\/www.avvocato-reichel.com\\\/it\\\/la-responsabilita-penale-degli-amministratori-di-societa\\\/\"]}]},{\"@type\":\"ImageObject\",\"inLanguage\":\"it-IT\",\"@id\":\"https:\\\/\\\/www.avvocato-reichel.com\\\/it\\\/la-responsabilita-penale-degli-amministratori-di-societa\\\/#primaryimage\",\"url\":\"https:\\\/\\\/www.avvocato-reichel.com\\\/wp-content\\\/uploads\\\/2019\\\/05\\\/header_wersindwir.jpg\",\"contentUrl\":\"https:\\\/\\\/www.avvocato-reichel.com\\\/wp-content\\\/uploads\\\/2019\\\/05\\\/header_wersindwir.jpg\",\"width\":2000,\"height\":1341},{\"@type\":\"BreadcrumbList\",\"@id\":\"https:\\\/\\\/www.avvocato-reichel.com\\\/it\\\/la-responsabilita-penale-degli-amministratori-di-societa\\\/#breadcrumb\",\"itemListElement\":[{\"@type\":\"ListItem\",\"position\":1,\"name\":\"Home\",\"item\":\"https:\\\/\\\/www.avvocato-reichel.com\\\/\"},{\"@type\":\"ListItem\",\"position\":2,\"name\":\"La Responsabilit\u00e0 penale degli Amministratori di Societ\u00e0\"}]},{\"@type\":\"WebSite\",\"@id\":\"https:\\\/\\\/www.avvocato-reichel.com\\\/#website\",\"url\":\"https:\\\/\\\/www.avvocato-reichel.com\\\/\",\"name\":\"Reichel Anwaltskanzlei\",\"description\":\"\",\"publisher\":{\"@id\":\"https:\\\/\\\/www.avvocato-reichel.com\\\/#organization\"},\"potentialAction\":[{\"@type\":\"SearchAction\",\"target\":{\"@type\":\"EntryPoint\",\"urlTemplate\":\"https:\\\/\\\/www.avvocato-reichel.com\\\/?s={search_term_string}\"},\"query-input\":{\"@type\":\"PropertyValueSpecification\",\"valueRequired\":true,\"valueName\":\"search_term_string\"}}],\"inLanguage\":\"it-IT\"},{\"@type\":\"Organization\",\"@id\":\"https:\\\/\\\/www.avvocato-reichel.com\\\/#organization\",\"name\":\"Reichel Anwaltskanzlei\",\"url\":\"https:\\\/\\\/www.avvocato-reichel.com\\\/\",\"logo\":{\"@type\":\"ImageObject\",\"inLanguage\":\"it-IT\",\"@id\":\"https:\\\/\\\/www.avvocato-reichel.com\\\/#\\\/schema\\\/logo\\\/image\\\/\",\"url\":\"https:\\\/\\\/www.avvocato-reichel.com\\\/wp-content\\\/uploads\\\/2024\\\/08\\\/logo_avvReichel_italiano_1.png\",\"contentUrl\":\"https:\\\/\\\/www.avvocato-reichel.com\\\/wp-content\\\/uploads\\\/2024\\\/08\\\/logo_avvReichel_italiano_1.png\",\"width\":243,\"height\":105,\"caption\":\"Reichel Anwaltskanzlei\"},\"image\":{\"@id\":\"https:\\\/\\\/www.avvocato-reichel.com\\\/#\\\/schema\\\/logo\\\/image\\\/\"}},{\"@type\":\"Person\",\"@id\":\"https:\\\/\\\/www.avvocato-reichel.com\\\/#\\\/schema\\\/person\\\/e19cbeee05bd246e739b63473c833479\",\"name\":\"Fabio Sandrini\",\"sameAs\":[\"http:\\\/\\\/www.sandrinifabio.it\"],\"url\":\"https:\\\/\\\/www.avvocato-reichel.com\\\/it\\\/author\\\/fabioskisandrini91\\\/\"}]}<\/script>\n<!-- \/ Yoast SEO plugin. -->","yoast_head_json":{"title":"La Responsabilit\u00e0 penale degli Amministratori di Societ\u00e0 - Reichel Anwaltskanzlei","robots":{"index":"index","follow":"follow","max-snippet":"max-snippet:-1","max-image-preview":"max-image-preview:large","max-video-preview":"max-video-preview:-1"},"canonical":"https:\/\/www.avvocato-reichel.com\/it\/la-responsabilita-penale-degli-amministratori-di-societa\/","og_locale":"it_IT","og_type":"article","og_title":"La Responsabilit\u00e0 penale degli Amministratori di Societ\u00e0 - Reichel Anwaltskanzlei","og_description":"In generale, gli amministratori delle societ\u00e0 sono responsabili penalmente se, nell&#8217;esercizio delle loro funzioni, commettono reati (i pi\u00f9 comuni: frode, corruzione, reati fiscali o altri illeciti previsti dalla legge). Tuttavia, la responsabilit\u00e0 penale si configura solo se si dimostra che l&#8217;amministratore ha agito con dolo o colpa grave, e che il reato \u00e8 stato commesso [&hellip;]","og_url":"https:\/\/www.avvocato-reichel.com\/it\/la-responsabilita-penale-degli-amministratori-di-societa\/","og_site_name":"Reichel Anwaltskanzlei","article_published_time":"2025-05-26T11:39:03+00:00","article_modified_time":"2025-05-26T11:42:34+00:00","og_image":[{"width":2000,"height":1341,"url":"https:\/\/www.avvocato-reichel.com\/wp-content\/uploads\/2019\/05\/header_wersindwir.jpg","type":"image\/jpeg"}],"author":"Fabio Sandrini","twitter_card":"summary_large_image","twitter_misc":{"Scritto da":"Fabio Sandrini","Tempo di lettura stimato":"3 minuti"},"schema":{"@context":"https:\/\/schema.org","@graph":[{"@type":"Article","@id":"https:\/\/www.avvocato-reichel.com\/it\/la-responsabilita-penale-degli-amministratori-di-societa\/#article","isPartOf":{"@id":"https:\/\/www.avvocato-reichel.com\/it\/la-responsabilita-penale-degli-amministratori-di-societa\/"},"author":{"name":"Fabio Sandrini","@id":"https:\/\/www.avvocato-reichel.com\/#\/schema\/person\/e19cbeee05bd246e739b63473c833479"},"headline":"La Responsabilit\u00e0 penale degli Amministratori di Societ\u00e0","datePublished":"2025-05-26T11:39:03+00:00","dateModified":"2025-05-26T11:42:34+00:00","mainEntityOfPage":{"@id":"https:\/\/www.avvocato-reichel.com\/it\/la-responsabilita-penale-degli-amministratori-di-societa\/"},"wordCount":368,"publisher":{"@id":"https:\/\/www.avvocato-reichel.com\/#organization"},"image":{"@id":"https:\/\/www.avvocato-reichel.com\/it\/la-responsabilita-penale-degli-amministratori-di-societa\/#primaryimage"},"thumbnailUrl":"https:\/\/www.avvocato-reichel.com\/wp-content\/uploads\/2019\/05\/header_wersindwir.jpg","articleSection":["Diritto Fallimentare","Diritto Societario"],"inLanguage":"it-IT"},{"@type":"WebPage","@id":"https:\/\/www.avvocato-reichel.com\/it\/la-responsabilita-penale-degli-amministratori-di-societa\/","url":"https:\/\/www.avvocato-reichel.com\/it\/la-responsabilita-penale-degli-amministratori-di-societa\/","name":"La Responsabilit\u00e0 penale degli Amministratori di Societ\u00e0 - Reichel Anwaltskanzlei","isPartOf":{"@id":"https:\/\/www.avvocato-reichel.com\/#website"},"primaryImageOfPage":{"@id":"https:\/\/www.avvocato-reichel.com\/it\/la-responsabilita-penale-degli-amministratori-di-societa\/#primaryimage"},"image":{"@id":"https:\/\/www.avvocato-reichel.com\/it\/la-responsabilita-penale-degli-amministratori-di-societa\/#primaryimage"},"thumbnailUrl":"https:\/\/www.avvocato-reichel.com\/wp-content\/uploads\/2019\/05\/header_wersindwir.jpg","datePublished":"2025-05-26T11:39:03+00:00","dateModified":"2025-05-26T11:42:34+00:00","breadcrumb":{"@id":"https:\/\/www.avvocato-reichel.com\/it\/la-responsabilita-penale-degli-amministratori-di-societa\/#breadcrumb"},"inLanguage":"it-IT","potentialAction":[{"@type":"ReadAction","target":["https:\/\/www.avvocato-reichel.com\/it\/la-responsabilita-penale-degli-amministratori-di-societa\/"]}]},{"@type":"ImageObject","inLanguage":"it-IT","@id":"https:\/\/www.avvocato-reichel.com\/it\/la-responsabilita-penale-degli-amministratori-di-societa\/#primaryimage","url":"https:\/\/www.avvocato-reichel.com\/wp-content\/uploads\/2019\/05\/header_wersindwir.jpg","contentUrl":"https:\/\/www.avvocato-reichel.com\/wp-content\/uploads\/2019\/05\/header_wersindwir.jpg","width":2000,"height":1341},{"@type":"BreadcrumbList","@id":"https:\/\/www.avvocato-reichel.com\/it\/la-responsabilita-penale-degli-amministratori-di-societa\/#breadcrumb","itemListElement":[{"@type":"ListItem","position":1,"name":"Home","item":"https:\/\/www.avvocato-reichel.com\/"},{"@type":"ListItem","position":2,"name":"La Responsabilit\u00e0 penale degli Amministratori di Societ\u00e0"}]},{"@type":"WebSite","@id":"https:\/\/www.avvocato-reichel.com\/#website","url":"https:\/\/www.avvocato-reichel.com\/","name":"Reichel Anwaltskanzlei","description":"","publisher":{"@id":"https:\/\/www.avvocato-reichel.com\/#organization"},"potentialAction":[{"@type":"SearchAction","target":{"@type":"EntryPoint","urlTemplate":"https:\/\/www.avvocato-reichel.com\/?s={search_term_string}"},"query-input":{"@type":"PropertyValueSpecification","valueRequired":true,"valueName":"search_term_string"}}],"inLanguage":"it-IT"},{"@type":"Organization","@id":"https:\/\/www.avvocato-reichel.com\/#organization","name":"Reichel Anwaltskanzlei","url":"https:\/\/www.avvocato-reichel.com\/","logo":{"@type":"ImageObject","inLanguage":"it-IT","@id":"https:\/\/www.avvocato-reichel.com\/#\/schema\/logo\/image\/","url":"https:\/\/www.avvocato-reichel.com\/wp-content\/uploads\/2024\/08\/logo_avvReichel_italiano_1.png","contentUrl":"https:\/\/www.avvocato-reichel.com\/wp-content\/uploads\/2024\/08\/logo_avvReichel_italiano_1.png","width":243,"height":105,"caption":"Reichel Anwaltskanzlei"},"image":{"@id":"https:\/\/www.avvocato-reichel.com\/#\/schema\/logo\/image\/"}},{"@type":"Person","@id":"https:\/\/www.avvocato-reichel.com\/#\/schema\/person\/e19cbeee05bd246e739b63473c833479","name":"Fabio Sandrini","sameAs":["http:\/\/www.sandrinifabio.it"],"url":"https:\/\/www.avvocato-reichel.com\/it\/author\/fabioskisandrini91\/"}]}},"_links":{"self":[{"href":"https:\/\/www.avvocato-reichel.com\/it\/wp-json\/wp\/v2\/posts\/3475","targetHints":{"allow":["GET"]}}],"collection":[{"href":"https:\/\/www.avvocato-reichel.com\/it\/wp-json\/wp\/v2\/posts"}],"about":[{"href":"https:\/\/www.avvocato-reichel.com\/it\/wp-json\/wp\/v2\/types\/post"}],"author":[{"embeddable":true,"href":"https:\/\/www.avvocato-reichel.com\/it\/wp-json\/wp\/v2\/users\/3"}],"replies":[{"embeddable":true,"href":"https:\/\/www.avvocato-reichel.com\/it\/wp-json\/wp\/v2\/comments?post=3475"}],"version-history":[{"count":2,"href":"https:\/\/www.avvocato-reichel.com\/it\/wp-json\/wp\/v2\/posts\/3475\/revisions"}],"predecessor-version":[{"id":3479,"href":"https:\/\/www.avvocato-reichel.com\/it\/wp-json\/wp\/v2\/posts\/3475\/revisions\/3479"}],"wp:featuredmedia":[{"embeddable":true,"href":"https:\/\/www.avvocato-reichel.com\/it\/wp-json\/wp\/v2\/media\/1896"}],"wp:attachment":[{"href":"https:\/\/www.avvocato-reichel.com\/it\/wp-json\/wp\/v2\/media?parent=3475"}],"wp:term":[{"taxonomy":"category","embeddable":true,"href":"https:\/\/www.avvocato-reichel.com\/it\/wp-json\/wp\/v2\/categories?post=3475"},{"taxonomy":"post_tag","embeddable":true,"href":"https:\/\/www.avvocato-reichel.com\/it\/wp-json\/wp\/v2\/tags?post=3475"}],"curies":[{"name":"wp","href":"https:\/\/api.w.org\/{rel}","templated":true}]}}