{"id":724,"date":"2024-07-18T09:05:36","date_gmt":"2024-07-18T09:05:36","guid":{"rendered":"https:\/\/www.avvocato-reichel.com\/?p=724"},"modified":"2024-07-18T09:05:37","modified_gmt":"2024-07-18T09:05:37","slug":"ausgleichsanspruch-des-im-ausland-taetigen-vertragshaendlers-h","status":"publish","type":"post","link":"https:\/\/www.avvocato-reichel.com\/it\/ausgleichsanspruch-des-im-ausland-taetigen-vertragshaendlers-h\/","title":{"rendered":"Ausgleichsanspruch des im Ausland t\u00e4tigen Vertragsh\u00e4ndlers"},"content":{"rendered":"\n<h2 class=\"wp-block-heading\"><strong>Hat ein Vertragsh\u00e4ndler, der f\u00fcr einen in Deutschland ans\u00e4ssigen Hersteller t\u00e4tig ist, aber dessen Vertragsgebiet nicht in Deutschland, sondern in einem anderen Staat der Europ\u00e4ischen Union (EU) und dem Europ\u00e4ischen Wirtschaftsraumes (EWR) liegt, bei Vertragsende einen zwingenden Ausgleichsanspruch aus&nbsp;der analogen Anwendung von&nbsp;<\/strong><a href=\"http:\/\/dejure.org\/gesetze\/HGB\/89b.html\" target=\"_blank\" rel=\"noreferrer noopener\"><strong>\u00a7 89 b Abs. 1&nbsp;<\/strong><\/a><strong>&nbsp;des deutschen Handelsgesetzbuchs (HGB)? Oder kann dieser Anspruch allein aufgrund des Umstandes, dass der Vertragsh\u00e4ndler ausschlie\u00dflich im Ausland t\u00e4tig war, vom deutschen Hersteller wirksam vertraglich ausgeschlossen werden? Diese Fragen hat der Bundesgerichtshof (BGH) in einem neueren Urteil vom 25.02.2016 (Az.&nbsp;<\/strong><a href=\"http:\/\/dejure.org\/dienste\/vernetzung\/rechtsprechung?Text=VII%20ZR%20102\/15\" target=\"_blank\" rel=\"noreferrer noopener\"><strong>VII ZR 102\/15<\/strong><\/a><strong>) zugunsten des Vertragsh\u00e4ndlers entschieden.<\/strong><\/h2>\n\n\n\n<p>Der Entscheidung liegt folgender Sachverhalt zugrunde: der in Schweden ans\u00e4ssige Vertragsh\u00e4ndler war f\u00fcr den in Deutschland ans\u00e4ssigen Hersteller in verschiedenen EU- Staaten sowie im EWR-Staat Norwegen t\u00e4tig. Der Vertragsh\u00e4ndler war in die Absatzorganisation des Herstellers \u00e4hnlich einem Handelsvertreter eingegliedert und er hatte dem Hersteller die Kundendaten zu \u00fcbersenden. Der Ausgleichsanspruch war vertraglich zwischen den Parteien ausgeschlossen worden. Nach Beendigung des Vertragsh\u00e4ndlervertrages machte die schwedische Vertragsh\u00e4ndlerin dennoch den Ausgleichsanspruch entsprechend \u00a7 89 b HGB geltend. Zu Recht oder nicht?<\/p>\n\n\n\n<p>Zu Recht, hat der BGH entschieden. Vorliegend war deutsches Recht kraft wirksamer Rechtswahl der Parteien vereinbart worden. Auch waren bei der schwedischen Vertragsh\u00e4ndlerin die Analogievoraussetzungen erf\u00fcllt, unter denen \u00a7 89 b HGB nach st\u00e4ndiger Rechtsprechung auf Vertragsh\u00e4ndler entsprechend anzuwenden ist.<\/p>\n\n\n\n<p>Einem Vertragsh\u00e4ndler kann, wie einem Handelsvertreter, in analoger Anwendung des \u00a7 89 b HGB ein Ausgleichsanspruch gegen den Hersteller oder Lieferanten im Falle der Beendigung des Vertragsverh\u00e4ltnisses zustehen, wenn der Vertragsh\u00e4ndler<\/p>\n\n\n\n<ul class=\"wp-block-list\">\n<li>aufgrund besonderer vertraglicher Abmachungen so in die Absatzorganisation des Herstellers oder Lieferanten eingegliedert ist, dass er wirtschaftlich in weitem Umfang Aufgaben zu erf\u00fcllen hat, die sonst einem Handelsvertreter zukommen, und<\/li>\n\n\n\n<li>soweit er verpflichtet ist, dem Hersteller oder Lieferanten seinen Kundenstamm zu \u00fcbertragen, so dass sich dieser bei Vertragsende die Vorteile des Kundenstamms sofort und ohne weiteres nutzbar machen kann.<\/li>\n<\/ul>\n\n\n\n<p>Der BGH sah den vertraglichen Ausschluss des Anspruchs auf Ausgleich entsprechend &nbsp;\u00a7 89 b HGB als unwirksam an. Nach \u00a7 89 b Abs. 4 Satz 1 HGB kann der Anspruch des Handelsvertreters auf Ausgleich im Voraus nicht ausgeschlossen werden.<\/p>\n\n\n\n<p><strong>Fazit:<\/strong>&nbsp;durch die Entscheidung des BGH besteht nun Rechtssicherheit dahingehend, dass sich ein Streit um den Ausgleichsanspruch \u2013 zumindest dem Grunde nach \u2013 f\u00fcr den Hersteller nicht lohnt.<\/p>\n\n\n\n<p>F\u00fcr zuk\u00fcnftige Vertragsh\u00e4ndlervertr\u00e4ge mit Vertragsgebiet innerhalb der EU und des EWR kann die Wahl eines \u2013 auch innereurop\u00e4ischen \u2013 Rechts empfehlenswert sein, das keinen zwingenden Ausgleichsanspruch f\u00fcr Vertragsh\u00e4ndler kennt. Das in diesem Zusammenhang immer wieder gerne bem\u00fchte Schweizer Recht eignet sich hierf\u00fcr allerdings nicht. Es kennt den zwingenden Ausgleichsanspruch des Handelsvertreters bzw. Vertragsh\u00e4ndlers unter sehr \u00e4hnlichen \u2013 wenn auch nicht abschlie\u00dfend gekl\u00e4rten \u2013 Voraussetzungen wie das deutsche Recht.<\/p>\n\n\n\n<p><em><strong>Studio Legale Reichel &#8211; Beatrix Grossblotekamp, LL.M. &#8211; Rechtsanw\u00e4ltin<\/strong><\/em><\/p>\n","protected":false},"excerpt":{"rendered":"<p>Hat ein Vertragsh\u00e4ndler, der f\u00fcr einen in Deutschland ans\u00e4ssigen Hersteller t\u00e4tig ist, aber dessen Vertragsgebiet nicht in Deutschland, sondern in einem anderen Staat der Europ\u00e4ischen Union (EU) und dem Europ\u00e4ischen Wirtschaftsraumes (EWR) liegt, bei Vertragsende&#8230; <\/p>\n","protected":false},"author":3,"featured_media":2097,"comment_status":"open","ping_status":"open","sticky":false,"template":"","format":"standard","meta":{"footnotes":""},"categories":[36],"tags":[],"class_list":["post-724","post","type-post","status-publish","format-standard","has-post-thumbnail","hentry","category-handelsrecht","entry","has-media"],"yoast_head":"<!-- This site is optimized with the Yoast SEO plugin v27.5 - https:\/\/yoast.com\/product\/yoast-seo-wordpress\/ -->\n<title>Ausgleichsanspruch des im Ausland t\u00e4tigen Vertragsh\u00e4ndlers - Reichel Anwaltskanzlei<\/title>\n<meta name=\"robots\" content=\"index, follow, max-snippet:-1, max-image-preview:large, max-video-preview:-1\" \/>\n<link rel=\"canonical\" href=\"https:\/\/www.avvocato-reichel.com\/ausgleichsanspruch-des-im-ausland-taetigen-vertragshaendlers-h\/\" \/>\n<meta property=\"og:locale\" content=\"it_IT\" \/>\n<meta property=\"og:type\" content=\"article\" \/>\n<meta property=\"og:title\" content=\"Ausgleichsanspruch des im Ausland t\u00e4tigen Vertragsh\u00e4ndlers - Reichel Anwaltskanzlei\" \/>\n<meta property=\"og:description\" content=\"Hat ein Vertragsh\u00e4ndler, der f\u00fcr einen in Deutschland ans\u00e4ssigen Hersteller t\u00e4tig ist, aber dessen Vertragsgebiet nicht in Deutschland, sondern in einem anderen Staat der Europ\u00e4ischen Union (EU) und dem Europ\u00e4ischen Wirtschaftsraumes (EWR) liegt, bei Vertragsende...\" \/>\n<meta property=\"og:url\" content=\"https:\/\/www.avvocato-reichel.com\/ausgleichsanspruch-des-im-ausland-taetigen-vertragshaendlers-h\/\" \/>\n<meta property=\"og:site_name\" content=\"Reichel Anwaltskanzlei\" \/>\n<meta property=\"article:published_time\" content=\"2024-07-18T09:05:36+00:00\" \/>\n<meta property=\"article:modified_time\" content=\"2024-07-18T09:05:37+00:00\" \/>\n<meta property=\"og:image\" content=\"https:\/\/www.avvocato-reichel.com\/wp-content\/uploads\/2018\/02\/Handelsrecht-Eigentumsvorbehalt-\u2013-diritto-commerciale-proprieta.jpg\" \/>\n\t<meta property=\"og:image:width\" content=\"1920\" \/>\n\t<meta property=\"og:image:height\" content=\"1280\" \/>\n\t<meta property=\"og:image:type\" content=\"image\/jpeg\" \/>\n<meta name=\"author\" content=\"Fabio Sandrini\" \/>\n<meta name=\"twitter:card\" content=\"summary_large_image\" \/>\n<meta name=\"twitter:label1\" content=\"Scritto da\" \/>\n\t<meta name=\"twitter:data1\" content=\"Fabio Sandrini\" \/>\n\t<meta name=\"twitter:label2\" content=\"Tempo di lettura stimato\" \/>\n\t<meta name=\"twitter:data2\" content=\"3 minuti\" \/>\n<script type=\"application\/ld+json\" class=\"yoast-schema-graph\">{\"@context\":\"https:\\\/\\\/schema.org\",\"@graph\":[{\"@type\":\"Article\",\"@id\":\"https:\\\/\\\/www.avvocato-reichel.com\\\/ausgleichsanspruch-des-im-ausland-taetigen-vertragshaendlers-h\\\/#article\",\"isPartOf\":{\"@id\":\"https:\\\/\\\/www.avvocato-reichel.com\\\/ausgleichsanspruch-des-im-ausland-taetigen-vertragshaendlers-h\\\/\"},\"author\":{\"name\":\"Fabio Sandrini\",\"@id\":\"https:\\\/\\\/www.avvocato-reichel.com\\\/#\\\/schema\\\/person\\\/e19cbeee05bd246e739b63473c833479\"},\"headline\":\"Ausgleichsanspruch des im Ausland t\u00e4tigen Vertragsh\u00e4ndlers\",\"datePublished\":\"2024-07-18T09:05:36+00:00\",\"dateModified\":\"2024-07-18T09:05:37+00:00\",\"mainEntityOfPage\":{\"@id\":\"https:\\\/\\\/www.avvocato-reichel.com\\\/ausgleichsanspruch-des-im-ausland-taetigen-vertragshaendlers-h\\\/\"},\"wordCount\":480,\"commentCount\":0,\"publisher\":{\"@id\":\"https:\\\/\\\/www.avvocato-reichel.com\\\/#organization\"},\"image\":{\"@id\":\"https:\\\/\\\/www.avvocato-reichel.com\\\/ausgleichsanspruch-des-im-ausland-taetigen-vertragshaendlers-h\\\/#primaryimage\"},\"thumbnailUrl\":\"https:\\\/\\\/www.avvocato-reichel.com\\\/wp-content\\\/uploads\\\/2018\\\/02\\\/Handelsrecht-Eigentumsvorbehalt-\u2013-diritto-commerciale-proprieta.jpg\",\"articleSection\":[\"Handelsrecht\"],\"inLanguage\":\"it-IT\"},{\"@type\":\"WebPage\",\"@id\":\"https:\\\/\\\/www.avvocato-reichel.com\\\/ausgleichsanspruch-des-im-ausland-taetigen-vertragshaendlers-h\\\/\",\"url\":\"https:\\\/\\\/www.avvocato-reichel.com\\\/ausgleichsanspruch-des-im-ausland-taetigen-vertragshaendlers-h\\\/\",\"name\":\"Ausgleichsanspruch des im Ausland t\u00e4tigen Vertragsh\u00e4ndlers - Reichel Anwaltskanzlei\",\"isPartOf\":{\"@id\":\"https:\\\/\\\/www.avvocato-reichel.com\\\/#website\"},\"primaryImageOfPage\":{\"@id\":\"https:\\\/\\\/www.avvocato-reichel.com\\\/ausgleichsanspruch-des-im-ausland-taetigen-vertragshaendlers-h\\\/#primaryimage\"},\"image\":{\"@id\":\"https:\\\/\\\/www.avvocato-reichel.com\\\/ausgleichsanspruch-des-im-ausland-taetigen-vertragshaendlers-h\\\/#primaryimage\"},\"thumbnailUrl\":\"https:\\\/\\\/www.avvocato-reichel.com\\\/wp-content\\\/uploads\\\/2018\\\/02\\\/Handelsrecht-Eigentumsvorbehalt-\u2013-diritto-commerciale-proprieta.jpg\",\"datePublished\":\"2024-07-18T09:05:36+00:00\",\"dateModified\":\"2024-07-18T09:05:37+00:00\",\"breadcrumb\":{\"@id\":\"https:\\\/\\\/www.avvocato-reichel.com\\\/ausgleichsanspruch-des-im-ausland-taetigen-vertragshaendlers-h\\\/#breadcrumb\"},\"inLanguage\":\"it-IT\",\"potentialAction\":[{\"@type\":\"ReadAction\",\"target\":[\"https:\\\/\\\/www.avvocato-reichel.com\\\/ausgleichsanspruch-des-im-ausland-taetigen-vertragshaendlers-h\\\/\"]}]},{\"@type\":\"ImageObject\",\"inLanguage\":\"it-IT\",\"@id\":\"https:\\\/\\\/www.avvocato-reichel.com\\\/ausgleichsanspruch-des-im-ausland-taetigen-vertragshaendlers-h\\\/#primaryimage\",\"url\":\"https:\\\/\\\/www.avvocato-reichel.com\\\/wp-content\\\/uploads\\\/2018\\\/02\\\/Handelsrecht-Eigentumsvorbehalt-\u2013-diritto-commerciale-proprieta.jpg\",\"contentUrl\":\"https:\\\/\\\/www.avvocato-reichel.com\\\/wp-content\\\/uploads\\\/2018\\\/02\\\/Handelsrecht-Eigentumsvorbehalt-\u2013-diritto-commerciale-proprieta.jpg\",\"width\":1920,\"height\":1280,\"caption\":\"Handelsrecht - Diritto Commerciale\"},{\"@type\":\"BreadcrumbList\",\"@id\":\"https:\\\/\\\/www.avvocato-reichel.com\\\/ausgleichsanspruch-des-im-ausland-taetigen-vertragshaendlers-h\\\/#breadcrumb\",\"itemListElement\":[{\"@type\":\"ListItem\",\"position\":1,\"name\":\"Home\",\"item\":\"https:\\\/\\\/www.avvocato-reichel.com\\\/\"},{\"@type\":\"ListItem\",\"position\":2,\"name\":\"Ausgleichsanspruch des im Ausland t\u00e4tigen Vertragsh\u00e4ndlers\"}]},{\"@type\":\"WebSite\",\"@id\":\"https:\\\/\\\/www.avvocato-reichel.com\\\/#website\",\"url\":\"https:\\\/\\\/www.avvocato-reichel.com\\\/\",\"name\":\"Reichel Anwaltskanzlei\",\"description\":\"\",\"publisher\":{\"@id\":\"https:\\\/\\\/www.avvocato-reichel.com\\\/#organization\"},\"potentialAction\":[{\"@type\":\"SearchAction\",\"target\":{\"@type\":\"EntryPoint\",\"urlTemplate\":\"https:\\\/\\\/www.avvocato-reichel.com\\\/?s={search_term_string}\"},\"query-input\":{\"@type\":\"PropertyValueSpecification\",\"valueRequired\":true,\"valueName\":\"search_term_string\"}}],\"inLanguage\":\"it-IT\"},{\"@type\":\"Organization\",\"@id\":\"https:\\\/\\\/www.avvocato-reichel.com\\\/#organization\",\"name\":\"Reichel Anwaltskanzlei\",\"url\":\"https:\\\/\\\/www.avvocato-reichel.com\\\/\",\"logo\":{\"@type\":\"ImageObject\",\"inLanguage\":\"it-IT\",\"@id\":\"https:\\\/\\\/www.avvocato-reichel.com\\\/#\\\/schema\\\/logo\\\/image\\\/\",\"url\":\"https:\\\/\\\/www.avvocato-reichel.com\\\/wp-content\\\/uploads\\\/2024\\\/08\\\/logo_avvReichel_italiano_1.png\",\"contentUrl\":\"https:\\\/\\\/www.avvocato-reichel.com\\\/wp-content\\\/uploads\\\/2024\\\/08\\\/logo_avvReichel_italiano_1.png\",\"width\":243,\"height\":105,\"caption\":\"Reichel Anwaltskanzlei\"},\"image\":{\"@id\":\"https:\\\/\\\/www.avvocato-reichel.com\\\/#\\\/schema\\\/logo\\\/image\\\/\"}},{\"@type\":\"Person\",\"@id\":\"https:\\\/\\\/www.avvocato-reichel.com\\\/#\\\/schema\\\/person\\\/e19cbeee05bd246e739b63473c833479\",\"name\":\"Fabio Sandrini\",\"sameAs\":[\"http:\\\/\\\/www.sandrinifabio.it\"],\"url\":\"https:\\\/\\\/www.avvocato-reichel.com\\\/it\\\/author\\\/fabioskisandrini91\\\/\"}]}<\/script>\n<!-- \/ Yoast SEO plugin. -->","yoast_head_json":{"title":"Ausgleichsanspruch des im Ausland t\u00e4tigen Vertragsh\u00e4ndlers - Reichel Anwaltskanzlei","robots":{"index":"index","follow":"follow","max-snippet":"max-snippet:-1","max-image-preview":"max-image-preview:large","max-video-preview":"max-video-preview:-1"},"canonical":"https:\/\/www.avvocato-reichel.com\/ausgleichsanspruch-des-im-ausland-taetigen-vertragshaendlers-h\/","og_locale":"it_IT","og_type":"article","og_title":"Ausgleichsanspruch des im Ausland t\u00e4tigen Vertragsh\u00e4ndlers - Reichel Anwaltskanzlei","og_description":"Hat ein Vertragsh\u00e4ndler, der f\u00fcr einen in Deutschland ans\u00e4ssigen Hersteller t\u00e4tig ist, aber dessen Vertragsgebiet nicht in Deutschland, sondern in einem anderen Staat der Europ\u00e4ischen Union (EU) und dem Europ\u00e4ischen Wirtschaftsraumes (EWR) liegt, bei Vertragsende...","og_url":"https:\/\/www.avvocato-reichel.com\/ausgleichsanspruch-des-im-ausland-taetigen-vertragshaendlers-h\/","og_site_name":"Reichel Anwaltskanzlei","article_published_time":"2024-07-18T09:05:36+00:00","article_modified_time":"2024-07-18T09:05:37+00:00","og_image":[{"width":1920,"height":1280,"url":"https:\/\/www.avvocato-reichel.com\/wp-content\/uploads\/2018\/02\/Handelsrecht-Eigentumsvorbehalt-\u2013-diritto-commerciale-proprieta.jpg","type":"image\/jpeg"}],"author":"Fabio Sandrini","twitter_card":"summary_large_image","twitter_misc":{"Scritto da":"Fabio Sandrini","Tempo di lettura stimato":"3 minuti"},"schema":{"@context":"https:\/\/schema.org","@graph":[{"@type":"Article","@id":"https:\/\/www.avvocato-reichel.com\/ausgleichsanspruch-des-im-ausland-taetigen-vertragshaendlers-h\/#article","isPartOf":{"@id":"https:\/\/www.avvocato-reichel.com\/ausgleichsanspruch-des-im-ausland-taetigen-vertragshaendlers-h\/"},"author":{"name":"Fabio Sandrini","@id":"https:\/\/www.avvocato-reichel.com\/#\/schema\/person\/e19cbeee05bd246e739b63473c833479"},"headline":"Ausgleichsanspruch des im Ausland t\u00e4tigen Vertragsh\u00e4ndlers","datePublished":"2024-07-18T09:05:36+00:00","dateModified":"2024-07-18T09:05:37+00:00","mainEntityOfPage":{"@id":"https:\/\/www.avvocato-reichel.com\/ausgleichsanspruch-des-im-ausland-taetigen-vertragshaendlers-h\/"},"wordCount":480,"commentCount":0,"publisher":{"@id":"https:\/\/www.avvocato-reichel.com\/#organization"},"image":{"@id":"https:\/\/www.avvocato-reichel.com\/ausgleichsanspruch-des-im-ausland-taetigen-vertragshaendlers-h\/#primaryimage"},"thumbnailUrl":"https:\/\/www.avvocato-reichel.com\/wp-content\/uploads\/2018\/02\/Handelsrecht-Eigentumsvorbehalt-\u2013-diritto-commerciale-proprieta.jpg","articleSection":["Handelsrecht"],"inLanguage":"it-IT"},{"@type":"WebPage","@id":"https:\/\/www.avvocato-reichel.com\/ausgleichsanspruch-des-im-ausland-taetigen-vertragshaendlers-h\/","url":"https:\/\/www.avvocato-reichel.com\/ausgleichsanspruch-des-im-ausland-taetigen-vertragshaendlers-h\/","name":"Ausgleichsanspruch des im Ausland t\u00e4tigen Vertragsh\u00e4ndlers - Reichel Anwaltskanzlei","isPartOf":{"@id":"https:\/\/www.avvocato-reichel.com\/#website"},"primaryImageOfPage":{"@id":"https:\/\/www.avvocato-reichel.com\/ausgleichsanspruch-des-im-ausland-taetigen-vertragshaendlers-h\/#primaryimage"},"image":{"@id":"https:\/\/www.avvocato-reichel.com\/ausgleichsanspruch-des-im-ausland-taetigen-vertragshaendlers-h\/#primaryimage"},"thumbnailUrl":"https:\/\/www.avvocato-reichel.com\/wp-content\/uploads\/2018\/02\/Handelsrecht-Eigentumsvorbehalt-\u2013-diritto-commerciale-proprieta.jpg","datePublished":"2024-07-18T09:05:36+00:00","dateModified":"2024-07-18T09:05:37+00:00","breadcrumb":{"@id":"https:\/\/www.avvocato-reichel.com\/ausgleichsanspruch-des-im-ausland-taetigen-vertragshaendlers-h\/#breadcrumb"},"inLanguage":"it-IT","potentialAction":[{"@type":"ReadAction","target":["https:\/\/www.avvocato-reichel.com\/ausgleichsanspruch-des-im-ausland-taetigen-vertragshaendlers-h\/"]}]},{"@type":"ImageObject","inLanguage":"it-IT","@id":"https:\/\/www.avvocato-reichel.com\/ausgleichsanspruch-des-im-ausland-taetigen-vertragshaendlers-h\/#primaryimage","url":"https:\/\/www.avvocato-reichel.com\/wp-content\/uploads\/2018\/02\/Handelsrecht-Eigentumsvorbehalt-\u2013-diritto-commerciale-proprieta.jpg","contentUrl":"https:\/\/www.avvocato-reichel.com\/wp-content\/uploads\/2018\/02\/Handelsrecht-Eigentumsvorbehalt-\u2013-diritto-commerciale-proprieta.jpg","width":1920,"height":1280,"caption":"Handelsrecht - Diritto Commerciale"},{"@type":"BreadcrumbList","@id":"https:\/\/www.avvocato-reichel.com\/ausgleichsanspruch-des-im-ausland-taetigen-vertragshaendlers-h\/#breadcrumb","itemListElement":[{"@type":"ListItem","position":1,"name":"Home","item":"https:\/\/www.avvocato-reichel.com\/"},{"@type":"ListItem","position":2,"name":"Ausgleichsanspruch des im Ausland t\u00e4tigen Vertragsh\u00e4ndlers"}]},{"@type":"WebSite","@id":"https:\/\/www.avvocato-reichel.com\/#website","url":"https:\/\/www.avvocato-reichel.com\/","name":"Reichel Anwaltskanzlei","description":"","publisher":{"@id":"https:\/\/www.avvocato-reichel.com\/#organization"},"potentialAction":[{"@type":"SearchAction","target":{"@type":"EntryPoint","urlTemplate":"https:\/\/www.avvocato-reichel.com\/?s={search_term_string}"},"query-input":{"@type":"PropertyValueSpecification","valueRequired":true,"valueName":"search_term_string"}}],"inLanguage":"it-IT"},{"@type":"Organization","@id":"https:\/\/www.avvocato-reichel.com\/#organization","name":"Reichel Anwaltskanzlei","url":"https:\/\/www.avvocato-reichel.com\/","logo":{"@type":"ImageObject","inLanguage":"it-IT","@id":"https:\/\/www.avvocato-reichel.com\/#\/schema\/logo\/image\/","url":"https:\/\/www.avvocato-reichel.com\/wp-content\/uploads\/2024\/08\/logo_avvReichel_italiano_1.png","contentUrl":"https:\/\/www.avvocato-reichel.com\/wp-content\/uploads\/2024\/08\/logo_avvReichel_italiano_1.png","width":243,"height":105,"caption":"Reichel Anwaltskanzlei"},"image":{"@id":"https:\/\/www.avvocato-reichel.com\/#\/schema\/logo\/image\/"}},{"@type":"Person","@id":"https:\/\/www.avvocato-reichel.com\/#\/schema\/person\/e19cbeee05bd246e739b63473c833479","name":"Fabio Sandrini","sameAs":["http:\/\/www.sandrinifabio.it"],"url":"https:\/\/www.avvocato-reichel.com\/it\/author\/fabioskisandrini91\/"}]}},"_links":{"self":[{"href":"https:\/\/www.avvocato-reichel.com\/it\/wp-json\/wp\/v2\/posts\/724","targetHints":{"allow":["GET"]}}],"collection":[{"href":"https:\/\/www.avvocato-reichel.com\/it\/wp-json\/wp\/v2\/posts"}],"about":[{"href":"https:\/\/www.avvocato-reichel.com\/it\/wp-json\/wp\/v2\/types\/post"}],"author":[{"embeddable":true,"href":"https:\/\/www.avvocato-reichel.com\/it\/wp-json\/wp\/v2\/users\/3"}],"replies":[{"embeddable":true,"href":"https:\/\/www.avvocato-reichel.com\/it\/wp-json\/wp\/v2\/comments?post=724"}],"version-history":[{"count":2,"href":"https:\/\/www.avvocato-reichel.com\/it\/wp-json\/wp\/v2\/posts\/724\/revisions"}],"predecessor-version":[{"id":2146,"href":"https:\/\/www.avvocato-reichel.com\/it\/wp-json\/wp\/v2\/posts\/724\/revisions\/2146"}],"wp:featuredmedia":[{"embeddable":true,"href":"https:\/\/www.avvocato-reichel.com\/it\/wp-json\/wp\/v2\/media\/2097"}],"wp:attachment":[{"href":"https:\/\/www.avvocato-reichel.com\/it\/wp-json\/wp\/v2\/media?parent=724"}],"wp:term":[{"taxonomy":"category","embeddable":true,"href":"https:\/\/www.avvocato-reichel.com\/it\/wp-json\/wp\/v2\/categories?post=724"},{"taxonomy":"post_tag","embeddable":true,"href":"https:\/\/www.avvocato-reichel.com\/it\/wp-json\/wp\/v2\/tags?post=724"}],"curies":[{"name":"wp","href":"https:\/\/api.w.org\/{rel}","templated":true}]}}